{"id":1428,"date":"2022-07-06T14:29:17","date_gmt":"2022-07-06T14:29:17","guid":{"rendered":"http:\/\/schule.obs-flotwedel.de\/?p=1428"},"modified":"2022-07-06T14:29:17","modified_gmt":"2022-07-06T14:29:17","slug":"sommerkonzert-der-blaeserklassen-und-der-bigband-der-oberschule-flotwedel","status":"publish","type":"post","link":"http:\/\/schule.obs-flotwedel.de\/?p=1428","title":{"rendered":"Sommerkonzert der Bl\u00e4serklassen und der BigBand der Oberschule Flotwedel"},"content":{"rendered":"\n<p>Am 5. Juli 2022 fand das allj\u00e4hrliche Sommerkonzert in der gut besuchten Sporthalle statt. Das Konzert er\u00f6ffnete die Bl\u00e4serklasse 5a unter der Leitung von Jan Dirk Kr\u00fcger, gefolgt von der Bl\u00e4serklasse 6a, die bereits mit ihrer Klassenlehrerin Anna Liefke die Zeugnisfeier der Abschlusssch\u00fclerinnen und -sch\u00fcler musikalisch begleitet hatte. Die ZuschauerInnen wurden mit verschiedenen Musikst\u00fccken und Medleys aus Pop, Rock, Swing und Funk belohnt.\u00a0<\/p>\n\n\n\n<figure class=\"wp-block-image size-large\"><img decoding=\"async\" loading=\"lazy\" width=\"1024\" height=\"329\" src=\"http:\/\/schule.obs-flotwedel.de\/wp-content\/uploads\/2022\/07\/9fce5cac-7afc-445b-8528-b8dc602d9f77-1024x329.jpg\" alt=\"\" class=\"wp-image-1429\" srcset=\"http:\/\/schule.obs-flotwedel.de\/wp-content\/uploads\/2022\/07\/9fce5cac-7afc-445b-8528-b8dc602d9f77-1024x329.jpg 1024w, http:\/\/schule.obs-flotwedel.de\/wp-content\/uploads\/2022\/07\/9fce5cac-7afc-445b-8528-b8dc602d9f77-300x96.jpg 300w, http:\/\/schule.obs-flotwedel.de\/wp-content\/uploads\/2022\/07\/9fce5cac-7afc-445b-8528-b8dc602d9f77-150x48.jpg 150w, http:\/\/schule.obs-flotwedel.de\/wp-content\/uploads\/2022\/07\/9fce5cac-7afc-445b-8528-b8dc602d9f77-768x247.jpg 768w, http:\/\/schule.obs-flotwedel.de\/wp-content\/uploads\/2022\/07\/9fce5cac-7afc-445b-8528-b8dc602d9f77-1536x493.jpg 1536w, http:\/\/schule.obs-flotwedel.de\/wp-content\/uploads\/2022\/07\/9fce5cac-7afc-445b-8528-b8dc602d9f77.jpg 1600w\" sizes=\"(max-width: 1024px) 100vw, 1024px\" \/><figcaption>Bl\u00e4serklasse 6a<\/figcaption><\/figure>\n\n\n\n<p>Auch Corona ging an den jungen MusikerInnen nicht spurlos vorbei. Ausgebremst durch wenig gemeinsames Proben konnte auch die Bl\u00e4serklasse 7a unter der Leitung von Viktoria Nevermann ihr letztes gemeinsames Konzert geben, bevor sich die musikalischen Wege im n\u00e4chsten Schuljahr trennen werden.<\/p>\n\n\n\n<figure class=\"wp-block-image size-large\"><img decoding=\"async\" loading=\"lazy\" width=\"1024\" height=\"380\" src=\"http:\/\/schule.obs-flotwedel.de\/wp-content\/uploads\/2022\/07\/d7266362-5771-46f7-bc83-8b78fffe096f-1024x380.jpg\" alt=\"\" class=\"wp-image-1430\" srcset=\"http:\/\/schule.obs-flotwedel.de\/wp-content\/uploads\/2022\/07\/d7266362-5771-46f7-bc83-8b78fffe096f-1024x380.jpg 1024w, http:\/\/schule.obs-flotwedel.de\/wp-content\/uploads\/2022\/07\/d7266362-5771-46f7-bc83-8b78fffe096f-300x111.jpg 300w, http:\/\/schule.obs-flotwedel.de\/wp-content\/uploads\/2022\/07\/d7266362-5771-46f7-bc83-8b78fffe096f-150x56.jpg 150w, http:\/\/schule.obs-flotwedel.de\/wp-content\/uploads\/2022\/07\/d7266362-5771-46f7-bc83-8b78fffe096f-768x285.jpg 768w, http:\/\/schule.obs-flotwedel.de\/wp-content\/uploads\/2022\/07\/d7266362-5771-46f7-bc83-8b78fffe096f-1536x569.jpg 1536w, http:\/\/schule.obs-flotwedel.de\/wp-content\/uploads\/2022\/07\/d7266362-5771-46f7-bc83-8b78fffe096f.jpg 1600w\" sizes=\"(max-width: 1024px) 100vw, 1024px\" \/><figcaption>BigBand<\/figcaption><\/figure>\n\n\n\n<p>Zum Abschluss spielte die BigBand, welche sich aus ambitionierten Sch\u00fclerInnen der Bl\u00e4serklassen, Ehemaligen und LehrerInnen zusammensetzt. So lie\u00df es sich der Schlagzeuger nicht nehmen, nach einer vierw\u00f6chigen Italienreise bei diesem Auftritt dabei zu sein. Ohne Gep\u00e4ck und noch in Urlaubskleidung gab er Gas, um noch rechtzeitig auf der B\u00fchne zu sitzen.<\/p>\n\n\n\n<p>Insgesamt war es eine gro\u00dfartige Stimmung, die ihren H\u00f6hepunkt bei St\u00fccken wie \u201eUptown Funk\u201c und \u201eBlues Brothers Rockin\u2018 Soul Revue\u201c fand.<\/p>\n\n\n\n<figure class=\"wp-block-video aligncenter\"><video controls src=\"http:\/\/schule.obs-flotwedel.de\/wp-content\/uploads\/2022\/07\/FullSizeRender-2.mp4\"><\/video><\/figure>\n\n\n\n<p>Weitere Informationen zu unserer Arbeit in den Bl\u00e4serklassen finden sie  <a href=\"http:\/\/schule.obs-flotwedel.de\/?page_id=157\">hier<\/a> auf der Schulhomepage.<\/p>\n\n\n\n<p><\/p>\n","protected":false},"excerpt":{"rendered":"<p>Am 5. Juli 2022 fand das allj\u00e4hrliche Sommerkonzert in der gut besuchten Sporthalle statt. Das Konzert er\u00f6ffnete die Bl\u00e4serklasse 5a unter der Leitung von Jan &hellip; <\/p>\n","protected":false},"author":1,"featured_media":1431,"comment_status":"closed","ping_status":"closed","sticky":false,"template":"","format":"standard","meta":{"footnotes":""},"categories":[4],"tags":[],"_links":{"self":[{"href":"http:\/\/schule.obs-flotwedel.de\/index.php?rest_route=\/wp\/v2\/posts\/1428"}],"collection":[{"href":"http:\/\/schule.obs-flotwedel.de\/index.php?rest_route=\/wp\/v2\/posts"}],"about":[{"href":"http:\/\/schule.obs-flotwedel.de\/index.php?rest_route=\/wp\/v2\/types\/post"}],"author":[{"embeddable":true,"href":"http:\/\/schule.obs-flotwedel.de\/index.php?rest_route=\/wp\/v2\/users\/1"}],"replies":[{"embeddable":true,"href":"http:\/\/schule.obs-flotwedel.de\/index.php?rest_route=%2Fwp%2Fv2%2Fcomments&post=1428"}],"version-history":[{"count":1,"href":"http:\/\/schule.obs-flotwedel.de\/index.php?rest_route=\/wp\/v2\/posts\/1428\/revisions"}],"predecessor-version":[{"id":1435,"href":"http:\/\/schule.obs-flotwedel.de\/index.php?rest_route=\/wp\/v2\/posts\/1428\/revisions\/1435"}],"wp:featuredmedia":[{"embeddable":true,"href":"http:\/\/schule.obs-flotwedel.de\/index.php?rest_route=\/wp\/v2\/media\/1431"}],"wp:attachment":[{"href":"http:\/\/schule.obs-flotwedel.de\/index.php?rest_route=%2Fwp%2Fv2%2Fmedia&parent=1428"}],"wp:term":[{"taxonomy":"category","embeddable":true,"href":"http:\/\/schule.obs-flotwedel.de\/index.php?rest_route=%2Fwp%2Fv2%2Fcategories&post=1428"},{"taxonomy":"post_tag","embeddable":true,"href":"http:\/\/schule.obs-flotwedel.de\/index.php?rest_route=%2Fwp%2Fv2%2Ftags&post=1428"}],"curies":[{"name":"wp","href":"https:\/\/api.w.org\/{rel}","templated":true}]}}