{"id":1672,"date":"2023-01-24T13:57:29","date_gmt":"2023-01-24T13:57:29","guid":{"rendered":"http:\/\/schule.obs-flotwedel.de\/?p=1672"},"modified":"2023-01-25T10:18:28","modified_gmt":"2023-01-25T10:18:28","slug":"titelverleihung-schule-ohne-rassismus-schule-mit-courage","status":"publish","type":"post","link":"http:\/\/schule.obs-flotwedel.de\/?p=1672","title":{"rendered":"Titelverleihung \u201eSchule ohne Rassismus &#8211; Schule mit Courage\u201d"},"content":{"rendered":"<div class=\"wp-block-image\">\n<figure class=\"alignright size-large is-resized\"><img decoding=\"async\" loading=\"lazy\" src=\"http:\/\/schule.obs-flotwedel.de\/wp-content\/uploads\/2023\/01\/DSC_2496-1024x683.jpg\" alt=\"\" class=\"wp-image-1676\" width=\"328\" height=\"219\" srcset=\"http:\/\/schule.obs-flotwedel.de\/wp-content\/uploads\/2023\/01\/DSC_2496-1024x683.jpg 1024w, http:\/\/schule.obs-flotwedel.de\/wp-content\/uploads\/2023\/01\/DSC_2496-300x200.jpg 300w, http:\/\/schule.obs-flotwedel.de\/wp-content\/uploads\/2023\/01\/DSC_2496-150x100.jpg 150w, http:\/\/schule.obs-flotwedel.de\/wp-content\/uploads\/2023\/01\/DSC_2496-768x512.jpg 768w, http:\/\/schule.obs-flotwedel.de\/wp-content\/uploads\/2023\/01\/DSC_2496-1536x1024.jpg 1536w, http:\/\/schule.obs-flotwedel.de\/wp-content\/uploads\/2023\/01\/DSC_2496-2048x1365.jpg 2048w, http:\/\/schule.obs-flotwedel.de\/wp-content\/uploads\/2023\/01\/DSC_2496-90x60.jpg 90w, http:\/\/schule.obs-flotwedel.de\/wp-content\/uploads\/2023\/01\/DSC_2496-420x280.jpg 420w\" sizes=\"(max-width: 328px) 100vw, 328px\" \/><figcaption>Sch\u00fcler:innen des 9. Jahrgangs<\/figcaption><\/figure><\/div>\n\n\n<p>Am Montag, 23. Januar 2023 wurde die Oberschule Flotwedel in das bundesweite Netzwerk \u201eSchule ohne Rassismus &#8211; Schule mit Courage&#8220; aufgenommen. Vorab hatte mehr als 80 Prozent der Schulgemeinschaft f\u00fcr das Projekt gestimmt, welches vor allem von Sch\u00fclerinnen und Sch\u00fcler des 10. Jahrgangs vorbereitet wurde.<\/p>\n\n\n<div class=\"wp-block-image\">\n<figure class=\"alignleft size-large is-resized\"><img decoding=\"async\" loading=\"lazy\" src=\"http:\/\/schule.obs-flotwedel.de\/wp-content\/uploads\/2023\/01\/DSC_2495-683x1024.jpg\" alt=\"\" class=\"wp-image-1674\" width=\"218\" height=\"325\" srcset=\"http:\/\/schule.obs-flotwedel.de\/wp-content\/uploads\/2023\/01\/DSC_2495-100x150.jpg 100w, http:\/\/schule.obs-flotwedel.de\/wp-content\/uploads\/2023\/01\/DSC_2495-40x60.jpg 40w\" sizes=\"(max-width: 218px) 100vw, 218px\" \/><figcaption>Dr. Elke Gryglewski, Patin des Projekts<\/figcaption><\/figure><\/div>\n\n\n<p>Im Rahmen der Titelverleihung pr\u00e4sentierten 9. Kl\u00e4ssler ihre Ergebnisse aus den Projekttagen in der Gedenkst\u00e4tte Bergen-Belsen in Form einer kleinen Ausstellung. Au\u00dferdem fand als Zeichen der Vielfalt und Gemeinschaft eine Fotoaktion mit allen Sch\u00fcler:innen und Lehrer:innen statt.<\/p>\n\n\n\n<p><br><\/p>\n\n\n\n<p><br><\/p>\n\n\n\n<p><\/p>\n\n\n\n<figure class=\"wp-block-image size-large\"><img decoding=\"async\" loading=\"lazy\" width=\"1024\" height=\"667\" src=\"http:\/\/schule.obs-flotwedel.de\/wp-content\/uploads\/2023\/01\/E8031FC2-967B-47F4-BCB8-230B7129FDDC-1024x667.jpeg\" alt=\"\" class=\"wp-image-1683\" srcset=\"http:\/\/schule.obs-flotwedel.de\/wp-content\/uploads\/2023\/01\/E8031FC2-967B-47F4-BCB8-230B7129FDDC-1024x667.jpeg 1024w, http:\/\/schule.obs-flotwedel.de\/wp-content\/uploads\/2023\/01\/E8031FC2-967B-47F4-BCB8-230B7129FDDC-300x195.jpeg 300w, http:\/\/schule.obs-flotwedel.de\/wp-content\/uploads\/2023\/01\/E8031FC2-967B-47F4-BCB8-230B7129FDDC-150x98.jpeg 150w, http:\/\/schule.obs-flotwedel.de\/wp-content\/uploads\/2023\/01\/E8031FC2-967B-47F4-BCB8-230B7129FDDC-768x500.jpeg 768w, http:\/\/schule.obs-flotwedel.de\/wp-content\/uploads\/2023\/01\/E8031FC2-967B-47F4-BCB8-230B7129FDDC-92x60.jpeg 92w, http:\/\/schule.obs-flotwedel.de\/wp-content\/uploads\/2023\/01\/E8031FC2-967B-47F4-BCB8-230B7129FDDC.jpeg 1462w\" sizes=\"(max-width: 1024px) 100vw, 1024px\" \/><\/figure>\n\n\n\n<p><\/p>\n\n\n\n<p><\/p>\n\n\n\n<p><\/p>\n","protected":false},"excerpt":{"rendered":"<p>Am Montag, 23. Januar 2023 wurde die Oberschule Flotwedel in das bundesweite Netzwerk \u201eSchule ohne Rassismus &#8211; Schule mit Courage&#8220; aufgenommen. Vorab hatte mehr als &hellip; <\/p>\n","protected":false},"author":1,"featured_media":1679,"comment_status":"closed","ping_status":"closed","sticky":false,"template":"","format":"standard","meta":{"footnotes":""},"categories":[4],"tags":[],"_links":{"self":[{"href":"http:\/\/schule.obs-flotwedel.de\/index.php?rest_route=\/wp\/v2\/posts\/1672"}],"collection":[{"href":"http:\/\/schule.obs-flotwedel.de\/index.php?rest_route=\/wp\/v2\/posts"}],"about":[{"href":"http:\/\/schule.obs-flotwedel.de\/index.php?rest_route=\/wp\/v2\/types\/post"}],"author":[{"embeddable":true,"href":"http:\/\/schule.obs-flotwedel.de\/index.php?rest_route=\/wp\/v2\/users\/1"}],"replies":[{"embeddable":true,"href":"http:\/\/schule.obs-flotwedel.de\/index.php?rest_route=%2Fwp%2Fv2%2Fcomments&post=1672"}],"version-history":[{"count":3,"href":"http:\/\/schule.obs-flotwedel.de\/index.php?rest_route=\/wp\/v2\/posts\/1672\/revisions"}],"predecessor-version":[{"id":1684,"href":"http:\/\/schule.obs-flotwedel.de\/index.php?rest_route=\/wp\/v2\/posts\/1672\/revisions\/1684"}],"wp:featuredmedia":[{"embeddable":true,"href":"http:\/\/schule.obs-flotwedel.de\/index.php?rest_route=\/wp\/v2\/media\/1679"}],"wp:attachment":[{"href":"http:\/\/schule.obs-flotwedel.de\/index.php?rest_route=%2Fwp%2Fv2%2Fmedia&parent=1672"}],"wp:term":[{"taxonomy":"category","embeddable":true,"href":"http:\/\/schule.obs-flotwedel.de\/index.php?rest_route=%2Fwp%2Fv2%2Fcategories&post=1672"},{"taxonomy":"post_tag","embeddable":true,"href":"http:\/\/schule.obs-flotwedel.de\/index.php?rest_route=%2Fwp%2Fv2%2Ftags&post=1672"}],"curies":[{"name":"wp","href":"https:\/\/api.w.org\/{rel}","templated":true}]}}