{"id":2109,"date":"2024-06-16T11:58:46","date_gmt":"2024-06-16T11:58:46","guid":{"rendered":"http:\/\/schule.obs-flotwedel.de\/?p=2109"},"modified":"2024-06-16T11:58:47","modified_gmt":"2024-06-16T11:58:47","slug":"elite-schuelerinnen-und-schueler-der-oberschule-flotwedel-erhalten-ihre-abschlusszeugnisse","status":"publish","type":"post","link":"http:\/\/schule.obs-flotwedel.de\/?p=2109","title":{"rendered":"Elite \u2013 Sch\u00fclerinnen und Sch\u00fcler der Oberschule Flotwedel erhalten ihre Abschlusszeugnisse\u00a0"},"content":{"rendered":"<div class=\"wp-block-image\">\n<figure class=\"alignleft is-resized\"><img decoding=\"async\" loading=\"lazy\" width=\"683\" height=\"1024\" src=\"http:\/\/schule.obs-flotwedel.de\/wp-content\/uploads\/2024\/06\/IMG_1073-683x1024.jpeg\" alt=\"\" class=\"wp-image-2111\" style=\"aspect-ratio:0.6669921875;width:245px;height:auto\" srcset=\"http:\/\/schule.obs-flotwedel.de\/wp-content\/uploads\/2024\/06\/IMG_1073-683x1024.jpeg 683w, http:\/\/schule.obs-flotwedel.de\/wp-content\/uploads\/2024\/06\/IMG_1073-200x300.jpeg 200w, http:\/\/schule.obs-flotwedel.de\/wp-content\/uploads\/2024\/06\/IMG_1073-100x150.jpeg 100w, http:\/\/schule.obs-flotwedel.de\/wp-content\/uploads\/2024\/06\/IMG_1073-768x1152.jpeg 768w, http:\/\/schule.obs-flotwedel.de\/wp-content\/uploads\/2024\/06\/IMG_1073-1024x1536.jpeg 1024w, http:\/\/schule.obs-flotwedel.de\/wp-content\/uploads\/2024\/06\/IMG_1073-1365x2048.jpeg 1365w, http:\/\/schule.obs-flotwedel.de\/wp-content\/uploads\/2024\/06\/IMG_1073-40x60.jpeg 40w, http:\/\/schule.obs-flotwedel.de\/wp-content\/uploads\/2024\/06\/IMG_1073-scaled.jpeg 1707w\" sizes=\"(max-width: 683px) 100vw, 683px\" \/><\/figure><\/div>\n\n\n<p>Am 14. Juni 2024 haben 49 Sch\u00fclerinnen und Sch\u00fcler des Abschlussjahrganges der Oberschule Flotwedel ihre Zeugnisse entgegengenommen. Schulleiter Joachim Wichert begr\u00fc\u00dfte die Elite von morgen und wies daraufhin, dass mit diesem Abschlussmotto eine gewisse Verantwortung verbunden sei. Er ermutigte die Absolventinnen und Absolventen, ihre Chancen zu nutzen und nicht immer den einfachen Weg einzuschlagen. Sorgen mache er sich angesichts der hervorragenden Ergebnisse nicht, denn 38 Prozent der Sch\u00fclerinnen und Sch\u00fcler gehen an diesem Tag mit dem erweiterten Sekundarabschluss I gl\u00fccklich nach Hause und \u00fcbertrafen damit die guten Ergebnisse der letzten Jahre.<\/p>\n\n\n<div class=\"wp-block-image\">\n<figure class=\"alignright size-large is-resized\"><img decoding=\"async\" loading=\"lazy\" width=\"1024\" height=\"777\" src=\"http:\/\/schule.obs-flotwedel.de\/wp-content\/uploads\/2024\/06\/IMG_1075-1024x777.jpeg\" alt=\"\" class=\"wp-image-2112\" style=\"aspect-ratio:1.3178893178893178;width:335px;height:auto\" srcset=\"http:\/\/schule.obs-flotwedel.de\/wp-content\/uploads\/2024\/06\/IMG_1075-1024x777.jpeg 1024w, http:\/\/schule.obs-flotwedel.de\/wp-content\/uploads\/2024\/06\/IMG_1075-300x228.jpeg 300w, http:\/\/schule.obs-flotwedel.de\/wp-content\/uploads\/2024\/06\/IMG_1075-150x114.jpeg 150w, http:\/\/schule.obs-flotwedel.de\/wp-content\/uploads\/2024\/06\/IMG_1075-768x583.jpeg 768w, http:\/\/schule.obs-flotwedel.de\/wp-content\/uploads\/2024\/06\/IMG_1075-1536x1166.jpeg 1536w, http:\/\/schule.obs-flotwedel.de\/wp-content\/uploads\/2024\/06\/IMG_1075-2048x1555.jpeg 2048w, http:\/\/schule.obs-flotwedel.de\/wp-content\/uploads\/2024\/06\/IMG_1075-79x60.jpeg 79w\" sizes=\"(max-width: 1024px) 100vw, 1024px\" \/><\/figure><\/div>\n\n\n<p>Zuvor allerdings wurden die Klassen von ihren Eltern, Lehrerkr\u00e4ften und Freunden mit gro\u00dfem Applaus in der Turnhalle empfangen. Musikalisch begleitet wurde die Feier in diesem Jahr von der Bl\u00e4serklasse 7a unter der Leitung von Jan Dirk Kr\u00fcger.<\/p>\n\n\n\n<p>Vor der Zeugnisvergabe richtete Eicklingens B\u00fcrgermeister J\u00f6rn Schepelmann stellvertretend f\u00fcr die Samtgemeinde Flotwedel ein paar Worte an die Absolventinnen und Absolventen, erinnerte an seine eigene Schulzeit und w\u00fcnschte ihnen f\u00fcr ihre berufliche Zukunft alles Gute.<\/p>\n\n\n<div class=\"wp-block-image\">\n<figure class=\"alignleft size-large is-resized\"><img decoding=\"async\" loading=\"lazy\" width=\"1024\" height=\"684\" src=\"http:\/\/schule.obs-flotwedel.de\/wp-content\/uploads\/2024\/06\/IMG_1080-1024x684.jpeg\" alt=\"\" class=\"wp-image-2113\" style=\"aspect-ratio:1.4970760233918128;width:305px;height:auto\" srcset=\"http:\/\/schule.obs-flotwedel.de\/wp-content\/uploads\/2024\/06\/IMG_1080-1024x684.jpeg 1024w, http:\/\/schule.obs-flotwedel.de\/wp-content\/uploads\/2024\/06\/IMG_1080-300x201.jpeg 300w, http:\/\/schule.obs-flotwedel.de\/wp-content\/uploads\/2024\/06\/IMG_1080-150x100.jpeg 150w, http:\/\/schule.obs-flotwedel.de\/wp-content\/uploads\/2024\/06\/IMG_1080-768x513.jpeg 768w, http:\/\/schule.obs-flotwedel.de\/wp-content\/uploads\/2024\/06\/IMG_1080-1536x1027.jpeg 1536w, http:\/\/schule.obs-flotwedel.de\/wp-content\/uploads\/2024\/06\/IMG_1080-2048x1369.jpeg 2048w, http:\/\/schule.obs-flotwedel.de\/wp-content\/uploads\/2024\/06\/IMG_1080-90x60.jpeg 90w, http:\/\/schule.obs-flotwedel.de\/wp-content\/uploads\/2024\/06\/IMG_1080-420x280.jpeg 420w\" sizes=\"(max-width: 1024px) 100vw, 1024px\" \/><\/figure><\/div>\n\n\n<p>David Klages sprach stellvertretend f\u00fcr die Klassenlehrkr\u00e4ften des 10. Jahrgangs pers\u00f6nliche Worte an die Klassen. Dabei holte er sich dieses Mal Hilfe von ChatGPT. Allerdings gab er sich damit nicht zufrieden und betonte die (digitalen) Herausforderungen, die nun auf sie warten w\u00fcrden.<\/p>\n\n\n\n<p>Schulsprecher Paul Ziesemer (10a) und Lotte Pape (10a) lie\u00dfen in ihrer Rede die Schulzeit noch einmal Revue passieren, erinnerten vor allem an die Coronazeit und bedankten sich f\u00fcr die jahrelange Unterst\u00fctzung.<\/p>\n\n\n\n<p>Zum Schluss gaben die Musiklehrer Sina Schmidt, Anna Lena Liefke und Jan Dirk Kr\u00fcger eine auf die Sch\u00fclerinnen und Sch\u00fcler angepasste Version des Liedes \u201eKomet\u201c zum Besten.<\/p>\n\n\n<div class=\"wp-block-image\">\n<figure class=\"alignright size-large is-resized\"><img decoding=\"async\" loading=\"lazy\" width=\"683\" height=\"1024\" src=\"http:\/\/schule.obs-flotwedel.de\/wp-content\/uploads\/2024\/06\/IMG_1137-683x1024.jpeg\" alt=\"\" class=\"wp-image-2114\" style=\"aspect-ratio:0.666796875;width:229px;height:auto\" srcset=\"http:\/\/schule.obs-flotwedel.de\/wp-content\/uploads\/2024\/06\/IMG_1137-683x1024.jpeg 683w, http:\/\/schule.obs-flotwedel.de\/wp-content\/uploads\/2024\/06\/IMG_1137-200x300.jpeg 200w, http:\/\/schule.obs-flotwedel.de\/wp-content\/uploads\/2024\/06\/IMG_1137-100x150.jpeg 100w, http:\/\/schule.obs-flotwedel.de\/wp-content\/uploads\/2024\/06\/IMG_1137-768x1152.jpeg 768w, http:\/\/schule.obs-flotwedel.de\/wp-content\/uploads\/2024\/06\/IMG_1137-1024x1536.jpeg 1024w, http:\/\/schule.obs-flotwedel.de\/wp-content\/uploads\/2024\/06\/IMG_1137-1365x2048.jpeg 1365w, http:\/\/schule.obs-flotwedel.de\/wp-content\/uploads\/2024\/06\/IMG_1137-40x60.jpeg 40w, http:\/\/schule.obs-flotwedel.de\/wp-content\/uploads\/2024\/06\/IMG_1137-scaled.jpeg 1707w\" sizes=\"(max-width: 683px) 100vw, 683px\" \/><\/figure><\/div>\n\n\n<p>Nach dem Erhalt der Zeugnisse luden die Eltern zu einem kleinen Imbiss und die Absolventinnen und Absolventen bekamen verschiedene Fotoerinnerungen an die letzten Schuljahre in Eicklingen und es folgte die traditionelle Steinenth\u00fcllung des Abschlussjahrganges vor der Schule.<\/p>\n\n\n\n<p>Zum Schluss hie\u00df es dann \u201eDie Elite braucht kein Motto \u2013 AK 2024\u201c.\u00a0<br><\/p>\n\n\n\n<p><\/p>\n\n\n\n<p><\/p>\n\n\n\n<p><\/p>\n\n\n\n<figure class=\"wp-block-gallery has-nested-images columns-default is-cropped wp-block-gallery-1 is-layout-flex wp-block-gallery-is-layout-flex\">\n<figure class=\"wp-block-image size-large\"><img decoding=\"async\" loading=\"lazy\" width=\"1024\" height=\"652\" data-id=\"2116\" src=\"http:\/\/schule.obs-flotwedel.de\/wp-content\/uploads\/2024\/06\/IMG_1099-1024x652.jpeg\" alt=\"\" class=\"wp-image-2116\" srcset=\"http:\/\/schule.obs-flotwedel.de\/wp-content\/uploads\/2024\/06\/IMG_1099-1024x652.jpeg 1024w, http:\/\/schule.obs-flotwedel.de\/wp-content\/uploads\/2024\/06\/IMG_1099-300x191.jpeg 300w, http:\/\/schule.obs-flotwedel.de\/wp-content\/uploads\/2024\/06\/IMG_1099-150x95.jpeg 150w, http:\/\/schule.obs-flotwedel.de\/wp-content\/uploads\/2024\/06\/IMG_1099-768x489.jpeg 768w, http:\/\/schule.obs-flotwedel.de\/wp-content\/uploads\/2024\/06\/IMG_1099-1536x977.jpeg 1536w, http:\/\/schule.obs-flotwedel.de\/wp-content\/uploads\/2024\/06\/IMG_1099-2048x1303.jpeg 2048w, http:\/\/schule.obs-flotwedel.de\/wp-content\/uploads\/2024\/06\/IMG_1099-94x60.jpeg 94w\" sizes=\"(max-width: 1024px) 100vw, 1024px\" \/><\/figure>\n\n\n\n<figure class=\"wp-block-image size-large\"><img decoding=\"async\" loading=\"lazy\" width=\"1024\" height=\"733\" data-id=\"2117\" src=\"http:\/\/schule.obs-flotwedel.de\/wp-content\/uploads\/2024\/06\/IMG_1118-1024x733.jpeg\" alt=\"\" class=\"wp-image-2117\" srcset=\"http:\/\/schule.obs-flotwedel.de\/wp-content\/uploads\/2024\/06\/IMG_1118-1024x733.jpeg 1024w, http:\/\/schule.obs-flotwedel.de\/wp-content\/uploads\/2024\/06\/IMG_1118-300x215.jpeg 300w, http:\/\/schule.obs-flotwedel.de\/wp-content\/uploads\/2024\/06\/IMG_1118-150x107.jpeg 150w, http:\/\/schule.obs-flotwedel.de\/wp-content\/uploads\/2024\/06\/IMG_1118-768x549.jpeg 768w, http:\/\/schule.obs-flotwedel.de\/wp-content\/uploads\/2024\/06\/IMG_1118-1536x1099.jpeg 1536w, http:\/\/schule.obs-flotwedel.de\/wp-content\/uploads\/2024\/06\/IMG_1118-2048x1465.jpeg 2048w, http:\/\/schule.obs-flotwedel.de\/wp-content\/uploads\/2024\/06\/IMG_1118-84x60.jpeg 84w\" sizes=\"(max-width: 1024px) 100vw, 1024px\" \/><\/figure>\n\n\n\n<figure class=\"wp-block-image size-large\"><img decoding=\"async\" loading=\"lazy\" width=\"1024\" height=\"664\" data-id=\"2115\" src=\"http:\/\/schule.obs-flotwedel.de\/wp-content\/uploads\/2024\/06\/IMG_1134-1024x664.jpeg\" alt=\"\" class=\"wp-image-2115\" srcset=\"http:\/\/schule.obs-flotwedel.de\/wp-content\/uploads\/2024\/06\/IMG_1134-1024x664.jpeg 1024w, http:\/\/schule.obs-flotwedel.de\/wp-content\/uploads\/2024\/06\/IMG_1134-300x195.jpeg 300w, http:\/\/schule.obs-flotwedel.de\/wp-content\/uploads\/2024\/06\/IMG_1134-150x97.jpeg 150w, http:\/\/schule.obs-flotwedel.de\/wp-content\/uploads\/2024\/06\/IMG_1134-768x498.jpeg 768w, http:\/\/schule.obs-flotwedel.de\/wp-content\/uploads\/2024\/06\/IMG_1134-1536x997.jpeg 1536w, http:\/\/schule.obs-flotwedel.de\/wp-content\/uploads\/2024\/06\/IMG_1134-2048x1329.jpeg 2048w, http:\/\/schule.obs-flotwedel.de\/wp-content\/uploads\/2024\/06\/IMG_1134-92x60.jpeg 92w\" sizes=\"(max-width: 1024px) 100vw, 1024px\" \/><\/figure>\n<\/figure>\n","protected":false},"excerpt":{"rendered":"<p>Am 14. Juni 2024 haben 49 Sch\u00fclerinnen und Sch\u00fcler des Abschlussjahrganges der Oberschule Flotwedel ihre Zeugnisse entgegengenommen. Schulleiter Joachim Wichert begr\u00fc\u00dfte die Elite von morgen &hellip; <\/p>\n","protected":false},"author":1,"featured_media":2110,"comment_status":"closed","ping_status":"closed","sticky":false,"template":"","format":"standard","meta":{"footnotes":""},"categories":[4],"tags":[],"_links":{"self":[{"href":"http:\/\/schule.obs-flotwedel.de\/index.php?rest_route=\/wp\/v2\/posts\/2109"}],"collection":[{"href":"http:\/\/schule.obs-flotwedel.de\/index.php?rest_route=\/wp\/v2\/posts"}],"about":[{"href":"http:\/\/schule.obs-flotwedel.de\/index.php?rest_route=\/wp\/v2\/types\/post"}],"author":[{"embeddable":true,"href":"http:\/\/schule.obs-flotwedel.de\/index.php?rest_route=\/wp\/v2\/users\/1"}],"replies":[{"embeddable":true,"href":"http:\/\/schule.obs-flotwedel.de\/index.php?rest_route=%2Fwp%2Fv2%2Fcomments&post=2109"}],"version-history":[{"count":1,"href":"http:\/\/schule.obs-flotwedel.de\/index.php?rest_route=\/wp\/v2\/posts\/2109\/revisions"}],"predecessor-version":[{"id":2118,"href":"http:\/\/schule.obs-flotwedel.de\/index.php?rest_route=\/wp\/v2\/posts\/2109\/revisions\/2118"}],"wp:featuredmedia":[{"embeddable":true,"href":"http:\/\/schule.obs-flotwedel.de\/index.php?rest_route=\/wp\/v2\/media\/2110"}],"wp:attachment":[{"href":"http:\/\/schule.obs-flotwedel.de\/index.php?rest_route=%2Fwp%2Fv2%2Fmedia&parent=2109"}],"wp:term":[{"taxonomy":"category","embeddable":true,"href":"http:\/\/schule.obs-flotwedel.de\/index.php?rest_route=%2Fwp%2Fv2%2Fcategories&post=2109"},{"taxonomy":"post_tag","embeddable":true,"href":"http:\/\/schule.obs-flotwedel.de\/index.php?rest_route=%2Fwp%2Fv2%2Ftags&post=2109"}],"curies":[{"name":"wp","href":"https:\/\/api.w.org\/{rel}","templated":true}]}}